[{"@context":"https:\/\/schema.org\/","@type":"Article","@id":"https:\/\/www.vaint.cz\/jak-casto-se-meni-modni-trendy\/#Article","mainEntityOfPage":"https:\/\/www.vaint.cz\/jak-casto-se-meni-modni-trendy\/","headline":"Jak \u010dasto se m\u011bn\u00ed m\u00f3dn\u00ed trendy","name":"Jak \u010dasto se m\u011bn\u00ed m\u00f3dn\u00ed trendy","description":"Jednou z\u00a0v\u011bc\u00ed, kter\u00e9 se m\u011bn\u00ed s\u00a0\u017eeleznou pravidelnost\u00ed, jsou i m\u00f3dn\u00ed trendy. Asi v\u0161ichni v\u00edme, \u017ee se m\u011bn\u00ed ka\u017edou sez\u00f3nu. Co to ale konkr\u00e9tn\u011b znamen\u00e1? O tom naprost\u00e1 v\u011bt\u0161ina z\u00a0n\u00e1s nem\u00e1 ani pon\u011bt\u00ed. P\u0159itom, pokud se o m\u00f3du chceme zaj\u00edmat, je pom\u011brn\u011b d\u016fle\u017eit\u00e9. Proto je vhodn\u00e9 v\u011bd\u011bt, co a jak, abychom p\u0159\u00edpadn\u011b tyto trendy dok\u00e1zali i [&hellip;]","datePublished":"2024-09-23","dateModified":"2024-09-23","author":{"@type":"Person","@id":"https:\/\/www.vaint.cz\/author\/#Person","name":"","url":"https:\/\/www.vaint.cz\/author\/","identifier":1,"image":{"@type":"ImageObject","@id":"https:\/\/secure.gravatar.com\/avatar\/325464d7e09ffe52889ba6983accc5cdb65d0a54acd9a25cd7e409bd3eba713a?s=96&d=mm&r=g","url":"https:\/\/secure.gravatar.com\/avatar\/325464d7e09ffe52889ba6983accc5cdb65d0a54acd9a25cd7e409bd3eba713a?s=96&d=mm&r=g","height":96,"width":96}},"publisher":{"@type":"Organization","name":"vaint.cz","logo":{"@type":"ImageObject","@id":"\/logo.png","url":"\/logo.png","width":600,"height":60}},"image":{"@type":"ImageObject","@id":"https:\/\/www.vaint.cz\/wp-content\/uploads\/modeling2_7.jpg","url":"https:\/\/www.vaint.cz\/wp-content\/uploads\/modeling2_7.jpg","height":0,"width":0},"url":"https:\/\/www.vaint.cz\/jak-casto-se-meni-modni-trendy\/","about":["M\u00f3da"],"wordCount":439,"articleBody":"Jednou z\u00a0v\u011bc\u00ed, kter\u00e9 se m\u011bn\u00ed s\u00a0\u017eeleznou pravidelnost\u00ed, jsou i m\u00f3dn\u00ed trendy. Asi v\u0161ichni v\u00edme, \u017ee se m\u011bn\u00ed ka\u017edou sez\u00f3nu. Co to ale konkr\u00e9tn\u011b znamen\u00e1? O tom naprost\u00e1 v\u011bt\u0161ina z\u00a0n\u00e1s nem\u00e1 ani pon\u011bt\u00ed. P\u0159itom, pokud se o m\u00f3du chceme zaj\u00edmat, je pom\u011brn\u011b d\u016fle\u017eit\u00e9. Proto je vhodn\u00e9 v\u011bd\u011bt, co a jak, abychom p\u0159\u00edpadn\u011b tyto trendy dok\u00e1zali i p\u0159edv\u00eddat. V\u00a0prvn\u00ed \u0159ad\u011b je jasn\u00e9, \u017ee zde hraje roli po\u010das\u00ed. Je toti\u017e jasn\u00e9, \u017ee v\u00a0zim\u011b nem\u016f\u017eeme nosit stejn\u00fd typ oble\u010den\u00ed, jako v\u00a0l\u00e9t\u011b. Proto toho tak\u00e9 m\u00f3dn\u00ed n\u00e1vrh\u00e1\u0159i vyu\u017e\u00edvaj\u00ed, kdy\u017e p\u0159edstavuj\u00ed ka\u017ed\u00e9ho \u010dtvrt roku nov\u00e9 kolekce, pr\u00e1v\u011b pro n\u00e1sleduj\u00edc\u00ed ro\u010dn\u00ed dobu. To se sice m\u016f\u017ee zd\u00e1t logick\u00e9, av\u0161ak rozhodn\u011b to nen\u00ed tak jednoduch\u00e9, jak by se mohlo zd\u00e1t. V\u00a0prvn\u00ed \u0159ad\u011b je pot\u0159eba se pt\u00e1t, pro\u010d bychom si m\u011bli ka\u017ed\u00e9 t\u0159i m\u011bs\u00edce pou\u017e\u00edvat novou garderobu. Nap\u0159\u00edklad na podzim je p\u0159ibli\u017en\u011b stejn\u00e9 po\u010das\u00ed, jako na ja\u0159e, a tak bychom mohli nosit stejn\u00e9 o\u0161acen\u00ed. Nav\u00edc je pravd\u011bpodobn\u00e9, \u017ee b\u011bhem jedn\u00e9 sez\u00f3ny na\u0161e \u0161aty nepo\u0161kod\u00edme natolik, aby je bylo nutn\u00e9 vyhodit, a lze je tak op\u011bt vz\u00edt p\u0159\u00ed\u0161t\u00ed rok. P\u0159esto se to ned\u011bje. D\u016fvodem je to, \u017ee v\u0161echny \u010d\u00e1sti od\u011bvn\u00edho pr\u016fmyslu cht\u011bj\u00ed vyd\u011blat co nejv\u00edce pen\u011bz. Je pro n\u011b tedy v\u00fdhodn\u00e9, aby si lid\u00e9 kupovali nov\u00e9 oble\u010den\u00ed co nej\u010dast\u011bji.To je tak\u00e9 d\u016fvod, pro\u010d jsou nov\u00e9 kolekce p\u0159edstavov\u00e1ny tak \u010dasto, a pro\u010d je v\u00a0n\u00e1s p\u011bstov\u00e1n pocit, \u017ee m\u00edt stejn\u00fd od\u011bv dv\u011b sez\u00f3ny za sebou se neslu\u0161\u00ed. Samoz\u0159ejm\u011b my z\u00e1kazn\u00edci tomu tak\u00e9 p\u0159isp\u00edv\u00e1me, nebo\u0165 je to pro n\u00e1s symbolem statusu. Nelze tedy sv\u00e1d\u011bt v\u0161e jen a pouze na od\u011bvn\u00ed pr\u016fmysl. I my z\u00e1kazn\u00edci na tom toti\u017e m\u00e1me ur\u010dit\u00fd pod\u00edl a bylo by hloup\u00e9 p\u0159edst\u00edrat, \u017ee tomu tak nen\u00ed. Pokud tedy chceme, aby se situace zm\u011bnila, bylo by nutn\u00e9, abychom zm\u011bnili sv\u00e9 n\u00e1kupn\u00ed n\u00e1vyky. To v\u0161ak za sou\u010dasn\u00e9 situace nebude zrovna jednoduch\u00e9. Mnoho z\u00a0n\u00e1s je toti\u017e v\u00a0tomto ohledu snadno ovlivniteln\u00ed, a obchodn\u00edci dob\u0159e v\u011bd\u00ed, jak toho vyu\u017e\u00edt.                                                                                                                                                                                                                                                                                                                                                                                        4.8\/5 - (5 votes)        "},{"@context":"https:\/\/schema.org\/","@type":"BreadcrumbList","itemListElement":[{"@type":"ListItem","position":1,"name":"Jak \u010dasto se m\u011bn\u00ed m\u00f3dn\u00ed trendy","item":"https:\/\/www.vaint.cz\/jak-casto-se-meni-modni-trendy\/#breadcrumbitem"}]}]