[{"@context":"https:\/\/schema.org\/","@type":"Article","@id":"https:\/\/www.vaint.cz\/jak-vybrat-ty-spravne-bryle\/#Article","mainEntityOfPage":"https:\/\/www.vaint.cz\/jak-vybrat-ty-spravne-bryle\/","headline":"Jak vybrat ty spr\u00e1vn\u00e9 br\u00fdle?","name":"Jak vybrat ty spr\u00e1vn\u00e9 br\u00fdle?","description":"N\u011bkdy lid\u00e9 maj\u00ed probl\u00e9m s t\u00edm, vybrat si ty spr\u00e1vn\u00e9 dopl\u0148ky. N\u011bkter\u00e9 jsou jen voliteln\u00e9, nap\u0159\u00edklad r\u016fzn\u00e9 \u0161perky, n\u00e1u\u0161nice a podobn\u011b, kter\u00e9 ale \u010dlov\u011bk vylo\u017een\u011b nosit mus\u00ed. V tomto p\u0159\u00edpad\u011b se jedn\u00e1 o br\u00fdle. Lid\u00e9 maj\u00ed \u010d\u00edm d\u00e1l t\u00edm v\u00edce poka\u017een\u00fd zrak, a to hlavn\u011b mlad\u00ed lid\u00e9. Nevid\u00ed moc do d\u00e1lky. To je zp\u016fsobeno t\u00edm, [&hellip;]","datePublished":"2023-08-25","dateModified":"2023-08-25","author":{"@type":"Person","@id":"https:\/\/www.vaint.cz\/author\/#Person","name":"","url":"https:\/\/www.vaint.cz\/author\/","identifier":1,"image":{"@type":"ImageObject","@id":"https:\/\/secure.gravatar.com\/avatar\/325464d7e09ffe52889ba6983accc5cdb65d0a54acd9a25cd7e409bd3eba713a?s=96&d=mm&r=g","url":"https:\/\/secure.gravatar.com\/avatar\/325464d7e09ffe52889ba6983accc5cdb65d0a54acd9a25cd7e409bd3eba713a?s=96&d=mm&r=g","height":96,"width":96}},"publisher":{"@type":"Organization","name":"vaint.cz","logo":{"@type":"ImageObject","@id":"\/logo.png","url":"\/logo.png","width":600,"height":60}},"image":{"@type":"ImageObject","@id":"https:\/\/www.vaint.cz\/wp-content\/uploads\/bud-helisson-kqguzgvYrtM-unsplash_1.jpg","url":"https:\/\/www.vaint.cz\/wp-content\/uploads\/bud-helisson-kqguzgvYrtM-unsplash_1.jpg","height":0,"width":0},"url":"https:\/\/www.vaint.cz\/jak-vybrat-ty-spravne-bryle\/","about":["V\u00fdrobky"],"wordCount":530,"articleBody":"       N\u011bkdy lid\u00e9 maj\u00ed probl\u00e9m s t\u00edm, vybrat si ty spr\u00e1vn\u00e9 dopl\u0148ky. N\u011bkter\u00e9 jsou jen voliteln\u00e9, nap\u0159\u00edklad r\u016fzn\u00e9 \u0161perky, n\u00e1u\u0161nice a podobn\u011b, kter\u00e9 ale \u010dlov\u011bk vylo\u017een\u011b nosit mus\u00ed. V tomto p\u0159\u00edpad\u011b se jedn\u00e1 o br\u00fdle. Lid\u00e9 maj\u00ed \u010d\u00edm d\u00e1l t\u00edm v\u00edce poka\u017een\u00fd zrak, a to hlavn\u011b mlad\u00ed lid\u00e9. Nevid\u00ed moc do d\u00e1lky. To je zp\u016fsobeno t\u00edm, \u017ee dne\u0161n\u00ed generace se kouk\u00e1 p\u0159ev\u00e1\u017en\u011b do po\u010d\u00edta\u010de a p\u0159i studiu se ned\u011blaj\u00ed \u010dinnosti, kter\u00e9 by o\u010d\u00edm trochu ulevily. Po\u0159\u00e1d se lid\u00e9 d\u00edvaj\u00ed do bl\u00edzka, tr\u00e9nuj\u00ed sv\u016fj zrak na bl\u00edzko, ale potom nevid\u00ed do d\u00e1lky. Aby se tomu zabr\u00e1nilo, je t\u0159eba se ob\u010das z po\u010d\u00edta\u010de nebo u\u010debnice pod\u00edvat n\u011bkam jinam, aby \u010dlov\u011bk tr\u00e9noval i zrak na d\u00e1lku. Proto se v optik\u00e1ch objevuj\u00ed p\u0159ev\u00e1\u017en\u011b mlad\u00ed lid\u00e9. Ti toti\u017e u\u017e nemaj\u00ed pr\u00e1ce, ve kter\u00fdch by se d\u00edvali do d\u00e1lky, ale jedn\u00e1 se v\u011bt\u0161inou o tit\u011brn\u00e9 pr\u00e1ce nebo o IT pr\u00e1ce, kde se d\u00edv\u00e1me cel\u00fd den do po\u010d\u00edta\u010de. Lid\u00e9 d\u0159\u00edve t\u0159eba pracovali na poli nebo venku, kde se nemuseli tak moc d\u00edvat do bl\u00edzka, a tak na\u0161i prarodi\u010de nebo rodi\u010de vid\u00ed do d\u00e1lky \u00fapln\u011b v po\u0159\u00e1dku. Je t\u0159eba ale je\u0161t\u011b zm\u00ednit to, \u017ee se to ve st\u00e1\u0159\u00ed srovn\u00e1 a budeme vid\u011bt skv\u011ble, proto\u017ee ve st\u00e1\u0159\u00ed se hor\u0161\u00ed zrak na bl\u00edzko, a tak t\u011bm, kte\u0159\u00ed nevid\u00ed do d\u00e1lky se to srovn\u00e1. Lid\u00e9 denn\u011b u sv\u00e9ho o\u010dn\u00edho l\u00e9ka\u0159e zji\u0161\u0165uj\u00ed, \u017ee nevid\u00ed do d\u00e1lky a pot\u0159ebuj\u00ed br\u00fdle, jinak by se mohl zrak zhor\u0161it a neuvid\u00ed u\u017e nic. Br\u00fdle mus\u00ed b\u00fdt, ale pe\u010dliv\u011b vybr\u00e1ny tak, aby v\u00e1m sed\u011bly a abyste nem\u011bli obraz a\u017e moc ostr\u00fd, jinak v\u00e1s z toho bude bolet hlava a zrak se v\u00e1m tak\u00e9 zhor\u0161\u00ed. Ano, i z br\u00fdl\u00ed se v\u00e1m m\u016f\u017ee zhor\u0161it zrak, a to v p\u0159\u00edpad\u011b, kdy budete m\u00edt vy\u0161\u0161\u00ed dioptrie, ne\u017e byste m\u011bli m\u00edt. V optice si pak budete vyb\u00edrat br\u00fdle. Ty by m\u011bly b\u00fdt pe\u010dliv\u011b vybr\u00e1ny, jeliko\u017e ne v\u0161em slu\u0161\u00ed stejn\u00fd styl. Br\u00fdle jsou samoz\u0159ejm\u011b v\u011bc, kter\u00e1 v\u00e1s bude dopl\u0148ovat a budou slou\u017eit jako dopln\u011bk na va\u0161em obli\u010deji, proto si vyberte n\u011bco, co v\u00e1m opravdu sed\u00ed. Nejlep\u0161\u00ed je se tak\u00e9 poradit p\u0159\u00edmo v optice, kde v\u00e1m \u0159eknou, co se v\u00e1m bude nejv\u00edce hodit. D\u00e1my si mohou vybrat tvar, kter\u00fd si vyb\u00edraj\u00ed u d\u00e1msk\u00fdch slune\u010dn\u00edch br\u00fdl\u00ed https:\/\/luxbryle.cz\/cs\/14-slunecni-bryle, proto\u017ee pokud v\u00e1m tento tvar na slune\u010dn\u00edch br\u00fdl\u00edch sed\u00ed, bude v\u00e1m sed\u011bt i na t\u011bch dioptrick\u00fdch.                                                                                                                                                                                                                                                                                                                                                                                           4\/5 - (9 votes)        "},{"@context":"https:\/\/schema.org\/","@type":"BreadcrumbList","itemListElement":[{"@type":"ListItem","position":1,"name":"Jak vybrat ty spr\u00e1vn\u00e9 br\u00fdle?","item":"https:\/\/www.vaint.cz\/jak-vybrat-ty-spravne-bryle\/#breadcrumbitem"}]}]