[{"@context":"https:\/\/schema.org\/","@type":"Article","@id":"https:\/\/www.vaint.cz\/proc-si-zvolit-stehovani-v-kvetnu\/#Article","mainEntityOfPage":"https:\/\/www.vaint.cz\/proc-si-zvolit-stehovani-v-kvetnu\/","headline":"Pro\u010d si zvolit st\u011bhov\u00e1n\u00ed v kv\u011btnu","name":"Pro\u010d si zvolit st\u011bhov\u00e1n\u00ed v kv\u011btnu","description":"P\u0159\u00edjemn\u00e9 teploty \u2013 st\u011bhov\u00e1n\u00ed byt\u016f v Praze odnesto.cz v jarn\u00edm obdob\u00ed b\u00fdv\u00e1 bezprobl\u00e9mov\u00e9 nap\u0159\u00edklad d\u00edky p\u0159\u00edjemn\u00fdm teplot\u00e1m ovzdu\u0161\u00ed. Nen\u00ed toti\u017e ani vedro ani zima, nezastihnou v\u00e1s tropy ani \u017e\u00e1dn\u00e9 mraziv\u00e9 po\u010das\u00ed, a m\u016f\u017eete se vhodn\u011b obl\u00e9knout do lehk\u00e9ho a vzdu\u0161n\u00e9ho od\u011bvu. V takov\u00fdch podm\u00ednk\u00e1ch se sn\u00e1ze vykon\u00e1v\u00e1 jak\u00e1koli fyzick\u00e1 aktivita \u2013 p\u0159en\u00e1\u0161en\u00ed a balen\u00ed v\u011bc\u00ed [&hellip;]","datePublished":"2024-12-10","dateModified":"2024-12-10","author":{"@type":"Person","@id":"https:\/\/www.vaint.cz\/author\/#Person","name":"","url":"https:\/\/www.vaint.cz\/author\/","identifier":1,"image":{"@type":"ImageObject","@id":"https:\/\/secure.gravatar.com\/avatar\/325464d7e09ffe52889ba6983accc5cdb65d0a54acd9a25cd7e409bd3eba713a?s=96&d=mm&r=g","url":"https:\/\/secure.gravatar.com\/avatar\/325464d7e09ffe52889ba6983accc5cdb65d0a54acd9a25cd7e409bd3eba713a?s=96&d=mm&r=g","height":96,"width":96}},"publisher":{"@type":"Organization","name":"vaint.cz","logo":{"@type":"ImageObject","@id":"\/logo.png","url":"\/logo.png","width":600,"height":60}},"image":{"@type":"ImageObject","@id":"https:\/\/www.vaint.cz\/wp-content\/uploads\/lilac-3377503_640_1.jpg","url":"https:\/\/www.vaint.cz\/wp-content\/uploads\/lilac-3377503_640_1.jpg","height":0,"width":0},"url":"https:\/\/www.vaint.cz\/proc-si-zvolit-stehovani-v-kvetnu\/","about":["Spole\u010dnosti"],"wordCount":436,"articleBody":"          P\u0159\u00edjemn\u00e9 teploty \u2013 st\u011bhov\u00e1n\u00ed byt\u016f v Praze odnesto.cz v jarn\u00edm obdob\u00ed b\u00fdv\u00e1 bezprobl\u00e9mov\u00e9 nap\u0159\u00edklad d\u00edky p\u0159\u00edjemn\u00fdm teplot\u00e1m ovzdu\u0161\u00ed. Nen\u00ed toti\u017e ani vedro ani zima, nezastihnou v\u00e1s tropy ani \u017e\u00e1dn\u00e9 mraziv\u00e9 po\u010das\u00ed, a m\u016f\u017eete se vhodn\u011b obl\u00e9knout do lehk\u00e9ho a vzdu\u0161n\u00e9ho od\u011bvu. V takov\u00fdch podm\u00ednk\u00e1ch se sn\u00e1ze vykon\u00e1v\u00e1 jak\u00e1koli fyzick\u00e1 aktivita \u2013 p\u0159en\u00e1\u0161en\u00ed a balen\u00ed v\u011bc\u00ed a budete to m\u00edt snaz\u0161\u00ed i p\u0159i b\u011bh\u00e1n\u00ed po \u00fa\u0159adech kv\u016fli zaji\u0161\u0165ov\u00e1n\u00ed administrativn\u00edch z\u00e1le\u017eitost\u00ed. A pokud si dojedn\u00e1te spolupr\u00e1ci se spolehlivou st\u011bhovac\u00ed firmou, budete m\u00edt je\u0161t\u011b m\u00e9n\u011b starost\u00ed.Jarn\u00ed rovnodennost \u2013 v zim\u011b Slunce zapad\u00e1 ji\u017e kolem \u0161estn\u00e1ct\u00e9 hodiny a vych\u00e1z\u00ed a\u017e kolem osm\u00e9 \u2013 d\u00e9lka slune\u010dn\u00edho svitu je v dob\u011b zimn\u00edho slunovratu maxim\u00e1ln\u011b osm hodin, a mus\u00edte s t\u00edm p\u0159i st\u011bhov\u00e1n\u00ed po\u010d\u00edtat. P\u0159\u00edli\u0161 kr\u00e1tk\u00e9 dny a m\u00e1lo denn\u00edho sv\u011btla v\u00e1s nut\u00ed pou\u017e\u00edvat um\u011bl\u00e9 osv\u011btlen\u00ed a to v\u00e1s m\u016f\u017ee zbyte\u010dn\u011b omezit v n\u011bkter\u00fdch aktivit\u00e1ch. U jarn\u00ed rovnodennosti je den dlouh\u00fd ji\u017e dvan\u00e1ct hodin a dny se postupn\u011b st\u00e1le prodlu\u017euj\u00ed. P\u0159\u00edroda se probouz\u00ed k \u017eivotu \u2013 na ja\u0159e v\u0161echno pu\u010d\u00ed a rozkv\u00e9t\u00e1, p\u0159\u00edroda se probouz\u00ed k \u017eivotu a to se tak\u00e9 odr\u00e1\u017e\u00ed na lep\u0161\u00ed n\u00e1lad\u011b. Je mnohem veselej\u0161\u00ed pozorovat kvetouc\u00ed a zelen\u011b olist\u011bn\u00e9 stromy, ne\u017e stromy bez list\u00ed v zimn\u00edm obdob\u00ed. M\u016f\u017ee se to zd\u00e1t a\u017e p\u0159ehnan\u00e9, ale probouzej\u00edc\u00ed se p\u0159\u00edroda m\u00e1 zna\u010dn\u00fd pozitivn\u00ed vliv na jakoukoli \u010dinnost, st\u011bhov\u00e1n\u00ed nevyj\u00edmaje. Deprese a \u00fazkosti \u2013 jestli\u017ee je dlouhou dobu zata\u017eeno n\u00edzkou obla\u010dnost\u00ed, p\u0159etrv\u00e1vaj\u00ed teplotn\u00ed inverze a k tomu v\u0161emu se je\u0161t\u011b zvy\u0161uje hladina smogu, m\u00e1 to nep\u0159\u00edjemn\u00fd vliv na deprese a \u00fazkosti. \u010c\u00edm v\u00edce \u0161ed\u00e9 oblohy, t\u00edm je sklon k depres\u00edm vy\u0161\u0161\u00ed. Nejv\u00edce t\u011bchto nep\u0159\u00edjemnost\u00ed se objevuje na podzim a v zim\u011b a naopak na ja\u0159e a v l\u00e9t\u011b, kdy je v\u00edce slune\u010dn\u00edho svitu, b\u00fdvaj\u00ed lid\u00e9 spokojen\u011bj\u0161\u00ed a \u0161\u0165astn\u011bj\u0161\u00ed. Vyhnout se p\u0159i st\u011bhov\u00e1n\u00ed depres\u00edm je velmi rozumn\u00e9, nebo\u0165 je to n\u00e1ro\u010dn\u00fd proces po fyzick\u00e9 i psychick\u00e9 str\u00e1nce, proto je rozumn\u011bj\u0161\u00ed p\u0159est\u011bhovat se na ja\u0159e nebo v letn\u00edm obdob\u00ed.                                                                                                                                                                                                                                                                                                                                                                                           1\/5 - (1 vote)        "},{"@context":"https:\/\/schema.org\/","@type":"BreadcrumbList","itemListElement":[{"@type":"ListItem","position":1,"name":"Pro\u010d si zvolit st\u011bhov\u00e1n\u00ed v kv\u011btnu","item":"https:\/\/www.vaint.cz\/proc-si-zvolit-stehovani-v-kvetnu\/#breadcrumbitem"}]}]